{"id":202,"date":"2023-12-18T17:45:06","date_gmt":"2023-12-18T17:45:06","guid":{"rendered":"https:\/\/servin.fr\/?p=202"},"modified":"2025-10-08T13:21:47","modified_gmt":"2025-10-08T13:21:47","slug":"chablis-premier-cru-mont-de-milieu","status":"publish","type":"post","link":"https:\/\/www.servin.fr\/en\/les-vins\/chablis-premier-cru\/chablis-premier-cru-mont-de-milieu\/","title":{"rendered":"Mont de Milieu"},"content":{"rendered":"<div data-elementor-type=\"wp-post\" data-elementor-id=\"202\" class=\"elementor elementor-202\">\n\t\t\t\t<div class=\"elementor-element elementor-element-8ff47d0 e-con-full e-flex e-con e-parent\" data-id=\"8ff47d0\" data-element_type=\"container\" data-e-type=\"container\" data-settings=\"{&quot;background_background&quot;:&quot;classic&quot;}\">\n\t\t<div class=\"elementor-element elementor-element-0d8e2ee e-con-full e-flex e-con e-child\" data-id=\"0d8e2ee\" data-element_type=\"container\" data-e-type=\"container\">\n\t\t\t\t<div class=\"elementor-element elementor-element-fa3b213 elementor-widget elementor-widget-image\" data-id=\"fa3b213\" data-element_type=\"widget\" data-e-type=\"widget\" data-widget_type=\"image.default\">\n\t\t\t\t<div class=\"elementor-widget-container\">\n\t\t\t\t\t\t\t\t\t\t\t\t\t\t\t<img fetchpriority=\"high\" decoding=\"async\" width=\"231\" height=\"799\" src=\"https:\/\/www.servin.fr\/wp-content\/uploads\/2023\/12\/Bouteille-Premier-Cru-Mont.png\" class=\"attachment-large size-large wp-image-644\" alt=\"Bouteille Chablis Premier Cru Mont de Milieu Domaine Servin\" srcset=\"https:\/\/www.servin.fr\/wp-content\/uploads\/2023\/12\/Bouteille-Premier-Cru-Mont.png 231w, https:\/\/www.servin.fr\/wp-content\/uploads\/2023\/12\/Bouteille-Premier-Cru-Mont-87x300.png 87w, https:\/\/www.servin.fr\/wp-content\/uploads\/2023\/12\/Bouteille-Premier-Cru-Mont-74x255.png 74w\" sizes=\"(max-width: 231px) 100vw, 231px\" \/>\t\t\t\t\t\t\t\t\t\t\t\t\t\t\t<\/div>\n\t\t\t\t<\/div>\n\t\t\t\t<\/div>\n\t\t<div class=\"elementor-element elementor-element-869efe8 e-con-full e-flex e-con e-child\" data-id=\"869efe8\" data-element_type=\"container\" data-e-type=\"container\">\n\t\t\t\t<div class=\"elementor-element elementor-element-ec71b45 elementor-widget elementor-widget-heading\" data-id=\"ec71b45\" data-element_type=\"widget\" data-e-type=\"widget\" data-widget_type=\"heading.default\">\n\t\t\t\t<div class=\"elementor-widget-container\">\n\t\t\t\t\t<h1 class=\"elementor-heading-title elementor-size-default\">Mont de Milieu<\/h1>\t\t\t\t<\/div>\n\t\t\t\t<\/div>\n\t\t\t\t<div class=\"elementor-element elementor-element-9828783 elementor-widget elementor-widget-image\" data-id=\"9828783\" data-element_type=\"widget\" data-e-type=\"widget\" data-widget_type=\"image.default\">\n\t\t\t\t<div class=\"elementor-widget-container\">\n\t\t\t\t\t\t\t\t\t\t\t\t\t\t\t<img decoding=\"async\" width=\"600\" height=\"464\" src=\"https:\/\/www.servin.fr\/wp-content\/uploads\/2023\/12\/eti_16.jpg\" class=\"attachment-large size-large wp-image-591\" alt=\"Chablis Premier Cru Mont de Milieu - Domaine Servin\" srcset=\"https:\/\/www.servin.fr\/wp-content\/uploads\/2023\/12\/eti_16.jpg 600w, https:\/\/www.servin.fr\/wp-content\/uploads\/2023\/12\/eti_16-300x232.jpg 300w, https:\/\/www.servin.fr\/wp-content\/uploads\/2023\/12\/eti_16-330x255.jpg 330w\" sizes=\"(max-width: 600px) 100vw, 600px\" \/>\t\t\t\t\t\t\t\t\t\t\t\t\t\t\t<\/div>\n\t\t\t\t<\/div>\n\t\t\t\t<div class=\"elementor-element elementor-element-f9e9649 elementor-widget elementor-widget-heading\" data-id=\"f9e9649\" data-element_type=\"widget\" data-e-type=\"widget\" data-widget_type=\"heading.default\">\n\t\t\t\t<div class=\"elementor-widget-container\">\n\t\t\t\t\t<h2 class=\"elementor-heading-title elementor-size-default\">Description<\/h2>\t\t\t\t<\/div>\n\t\t\t\t<\/div>\n\t\t\t\t<div class=\"elementor-element elementor-element-4884a65 elementor-widget elementor-widget-text-editor\" data-id=\"4884a65\" data-element_type=\"widget\" data-e-type=\"widget\" data-widget_type=\"text-editor.default\">\n\t\t\t\t<div class=\"elementor-widget-container\">\n\t\t\t\t\t\t\t\t\t<p>Located near the Grands Crus, the \u00abMont de Milieu\u00bb is a ripe wine, full, rich and complete, but with a floral complexity and subtle aromas.<\/p>\t\t\t\t\t\t\t\t<\/div>\n\t\t\t\t<\/div>\n\t\t\t\t<div class=\"elementor-element elementor-element-270c206 elementor-widget elementor-widget-heading\" data-id=\"270c206\" data-element_type=\"widget\" data-e-type=\"widget\" data-widget_type=\"heading.default\">\n\t\t\t\t<div class=\"elementor-widget-container\">\n\t\t\t\t\t<h2 class=\"elementor-heading-title elementor-size-default\">Grape-variety<\/h2>\t\t\t\t<\/div>\n\t\t\t\t<\/div>\n\t\t\t\t<div class=\"elementor-element elementor-element-cf84239 elementor-widget elementor-widget-text-editor\" data-id=\"cf84239\" data-element_type=\"widget\" data-e-type=\"widget\" data-widget_type=\"text-editor.default\">\n\t\t\t\t<div class=\"elementor-widget-container\">\n\t\t\t\t\t\t\t\t\t<p>Chardonnay<\/p>\t\t\t\t\t\t\t\t<\/div>\n\t\t\t\t<\/div>\n\t\t\t\t<div class=\"elementor-element elementor-element-32705a5 elementor-widget elementor-widget-heading\" data-id=\"32705a5\" data-element_type=\"widget\" data-e-type=\"widget\" data-widget_type=\"heading.default\">\n\t\t\t\t<div class=\"elementor-widget-container\">\n\t\t\t\t\t<h2 class=\"elementor-heading-title elementor-size-default\">Geology &amp; Soils<\/h2>\t\t\t\t<\/div>\n\t\t\t\t<\/div>\n\t\t\t\t<div class=\"elementor-element elementor-element-ade4d04 elementor-widget elementor-widget-text-editor\" data-id=\"ade4d04\" data-element_type=\"widget\" data-e-type=\"widget\" data-widget_type=\"text-editor.default\">\n\t\t\t\t<div class=\"elementor-widget-container\">\n\t\t\t\t\t\t\t\t\t<p>Right bank<\/p>\t\t\t\t\t\t\t\t<\/div>\n\t\t\t\t<\/div>\n\t\t\t\t<div class=\"elementor-element elementor-element-b820896 elementor-widget elementor-widget-heading\" data-id=\"b820896\" data-element_type=\"widget\" data-e-type=\"widget\" data-widget_type=\"heading.default\">\n\t\t\t\t<div class=\"elementor-widget-container\">\n\t\t\t\t\t<h2 class=\"elementor-heading-title elementor-size-default\">Soils<\/h2>\t\t\t\t<\/div>\n\t\t\t\t<\/div>\n\t\t\t\t<div class=\"elementor-element elementor-element-e01a97d elementor-widget elementor-widget-text-editor\" data-id=\"e01a97d\" data-element_type=\"widget\" data-e-type=\"widget\" data-widget_type=\"text-editor.default\">\n\t\t\t\t<div class=\"elementor-widget-container\">\n\t\t\t\t\t\t\t\t\t<p>Kimmeridgian: alternating layers of limestone and clay marl made up of a multitude of small oysters, called Exogyra virgula<\/p>\t\t\t\t\t\t\t\t<\/div>\n\t\t\t\t<\/div>\n\t\t\t\t<div class=\"elementor-element elementor-element-3d2a537 elementor-widget elementor-widget-heading\" data-id=\"3d2a537\" data-element_type=\"widget\" data-e-type=\"widget\" data-widget_type=\"heading.default\">\n\t\t\t\t<div class=\"elementor-widget-container\">\n\t\t\t\t\t<h2 class=\"elementor-heading-title elementor-size-default\">Surface<\/h2>\t\t\t\t<\/div>\n\t\t\t\t<\/div>\n\t\t\t\t<div class=\"elementor-element elementor-element-82aca85 elementor-widget elementor-widget-text-editor\" data-id=\"82aca85\" data-element_type=\"widget\" data-e-type=\"widget\" data-widget_type=\"text-editor.default\">\n\t\t\t\t<div class=\"elementor-widget-container\">\n\t\t\t\t\t\t\t\t\t<p>0,34 ha<\/p>\t\t\t\t\t\t\t\t<\/div>\n\t\t\t\t<\/div>\n\t\t\t\t<div class=\"elementor-element elementor-element-b6296d1 elementor-widget elementor-widget-heading\" data-id=\"b6296d1\" data-element_type=\"widget\" data-e-type=\"widget\" data-widget_type=\"heading.default\">\n\t\t\t\t<div class=\"elementor-widget-container\">\n\t\t\t\t\t<h2 class=\"elementor-heading-title elementor-size-default\">Vineyard<\/h2>\t\t\t\t<\/div>\n\t\t\t\t<\/div>\n\t\t\t\t<div class=\"elementor-element elementor-element-27de037 elementor-widget elementor-widget-text-editor\" data-id=\"27de037\" data-element_type=\"widget\" data-e-type=\"widget\" data-widget_type=\"text-editor.default\">\n\t\t\t\t<div class=\"elementor-widget-container\">\n\t\t\t\t\t\t\t\t\t<p>51 ans<\/p>\t\t\t\t\t\t\t\t<\/div>\n\t\t\t\t<\/div>\n\t\t\t\t<div class=\"elementor-element elementor-element-4aac0d0 elementor-widget elementor-widget-heading\" data-id=\"4aac0d0\" data-element_type=\"widget\" data-e-type=\"widget\" data-widget_type=\"heading.default\">\n\t\t\t\t<div class=\"elementor-widget-container\">\n\t\t\t\t\t<h2 class=\"elementor-heading-title elementor-size-default\">Fiches techniques<\/h2>\t\t\t\t<\/div>\n\t\t\t\t<\/div>\n\t\t<div class=\"elementor-element elementor-element-e3af98e e-flex e-con-boxed e-con e-child\" data-id=\"e3af98e\" data-element_type=\"container\" data-e-type=\"container\">\n\t\t\t\t\t<div class=\"e-con-inner\">\n\t\t\t\t<div class=\"elementor-element elementor-element-f8b9026 elementor-widget__width-auto elementor-widget elementor-widget-button\" data-id=\"f8b9026\" data-element_type=\"widget\" data-e-type=\"widget\" data-widget_type=\"button.default\">\n\t\t\t\t<div class=\"elementor-widget-container\">\n\t\t\t\t\t\t\t\t\t<div class=\"elementor-button-wrapper\">\n\t\t\t\t\t<a class=\"elementor-button elementor-button-link elementor-size-sm\" href=\"\/wp-content\/uploads\/2024\/03\/MM2022-FR.pdf\" target=\"_blank\">\n\t\t\t\t\t\t<span class=\"elementor-button-content-wrapper\">\n\t\t\t\t\t\t\t\t\t<span class=\"elementor-button-text\">2022<\/span>\n\t\t\t\t\t<\/span>\n\t\t\t\t\t<\/a>\n\t\t\t\t<\/div>\n\t\t\t\t\t\t\t\t<\/div>\n\t\t\t\t<\/div>\n\t\t\t\t<div class=\"elementor-element elementor-element-7bff4b8 elementor-widget__width-auto elementor-widget elementor-widget-button\" data-id=\"7bff4b8\" data-element_type=\"widget\" data-e-type=\"widget\" data-widget_type=\"button.default\">\n\t\t\t\t<div class=\"elementor-widget-container\">\n\t\t\t\t\t\t\t\t\t<div class=\"elementor-button-wrapper\">\n\t\t\t\t\t<a class=\"elementor-button elementor-button-link elementor-size-sm\" href=\"https:\/\/www.servin.fr\/wp-content\/uploads\/2025\/05\/MM2023-FR.pdf\" target=\"_blank\">\n\t\t\t\t\t\t<span class=\"elementor-button-content-wrapper\">\n\t\t\t\t\t\t\t\t\t<span class=\"elementor-button-text\">2023<\/span>\n\t\t\t\t\t<\/span>\n\t\t\t\t\t<\/a>\n\t\t\t\t<\/div>\n\t\t\t\t\t\t\t\t<\/div>\n\t\t\t\t<\/div>\n\t\t\t\t\t<\/div>\n\t\t\t\t<\/div>\n\t\t\t\t<\/div>\n\t\t<div class=\"elementor-element elementor-element-01fe59e e-con-full e-flex e-con e-child\" data-id=\"01fe59e\" data-element_type=\"container\" data-e-type=\"container\" data-settings=\"{&quot;background_background&quot;:&quot;classic&quot;}\">\n\t\t\t\t<\/div>\n\t\t\t\t<\/div>\n\t\t\t\t<\/div>","protected":false},"excerpt":{"rendered":"<p>Mont de Milieu Description Situ\u00e9 \u00e0 proximit\u00e9 des Grands Crus, le \u00ab\u00a0Mont de Milieu\u00a0\u00bb est un vin m\u00fbr, plein, riche et complet, mais avec une complexit\u00e9 florale et des ar\u00f4mes subtils C\u00e9page Chardonnay Situation g\u00e9ographique Rive droite du Serein. Terroir Kimm\u00e9ridgien : alternance de couches de calcaire et de marnes argileuses constitu\u00e9es d&rsquo;une multitude de [&hellip;]<\/p>\n","protected":false},"author":1,"featured_media":0,"comment_status":"open","ping_status":"open","sticky":false,"template":"","format":"standard","meta":{"footnotes":""},"categories":[8],"tags":[],"class_list":["post-202","post","type-post","status-publish","format-standard","hentry","category-chablis-premier-cru"],"yoast_head":"<!-- This site is optimized with the Yoast SEO plugin v27.5 - https:\/\/yoast.com\/product\/yoast-seo-wordpress\/ -->\n<title>Chablis Premier Cru Mont de Milieu - Domaine Servin<\/title>\n<meta name=\"description\" content=\"Situ\u00e9 \u00e0 proximit\u00e9 des Grands Crus, le &quot;Mont de Milieu&quot; est un vin m\u00fbr, plein, riche et complet, avec une complexit\u00e9 florale et des ar\u00f4mes subtils\" \/>\n<meta name=\"robots\" content=\"index, follow, max-snippet:-1, max-image-preview:large, max-video-preview:-1\" \/>\n<link rel=\"canonical\" href=\"https:\/\/www.servin.fr\/en\/les-vins\/chablis-premier-cru\/chablis-premier-cru-mont-de-milieu\/\" \/>\n<meta property=\"og:locale\" content=\"en_GB\" \/>\n<meta property=\"og:type\" content=\"article\" \/>\n<meta property=\"og:title\" content=\"Chablis Premier Cru Mont de Milieu - Domaine Servin\" \/>\n<meta property=\"og:description\" content=\"Situ\u00e9 \u00e0 proximit\u00e9 des Grands Crus, le &quot;Mont de Milieu&quot; est un vin m\u00fbr, plein, riche et complet, avec une complexit\u00e9 florale et des ar\u00f4mes subtils\" \/>\n<meta property=\"og:url\" content=\"https:\/\/www.servin.fr\/en\/les-vins\/chablis-premier-cru\/chablis-premier-cru-mont-de-milieu\/\" \/>\n<meta property=\"og:site_name\" content=\"Domaine Servin\" \/>\n<meta property=\"article:publisher\" content=\"https:\/\/www.facebook.com\/domaine.servin\" \/>\n<meta property=\"article:published_time\" content=\"2023-12-18T17:45:06+00:00\" \/>\n<meta property=\"article:modified_time\" content=\"2025-10-08T13:21:47+00:00\" \/>\n<meta property=\"og:image\" content=\"https:\/\/www.servin.fr\/wp-content\/uploads\/2023\/12\/Bouteille-Premier-Cru-Mont.png\" \/>\n\t<meta property=\"og:image:width\" content=\"231\" \/>\n\t<meta property=\"og:image:height\" content=\"799\" \/>\n\t<meta property=\"og:image:type\" content=\"image\/png\" \/>\n<meta name=\"author\" content=\"admin\" \/>\n<meta name=\"twitter:card\" content=\"summary_large_image\" \/>\n<meta name=\"twitter:label1\" content=\"Written by\" \/>\n\t<meta name=\"twitter:data1\" content=\"admin\" \/>\n\t<meta name=\"twitter:label2\" content=\"Estimated reading time\" \/>\n\t<meta name=\"twitter:data2\" content=\"1 minute\" \/>\n<script type=\"application\/ld+json\" class=\"yoast-schema-graph\">{\"@context\":\"https:\\\/\\\/schema.org\",\"@graph\":[{\"@type\":\"Article\",\"@id\":\"https:\\\/\\\/www.servin.fr\\\/les-vins\\\/chablis-premier-cru\\\/chablis-premier-cru-mont-de-milieu\\\/#article\",\"isPartOf\":{\"@id\":\"https:\\\/\\\/www.servin.fr\\\/les-vins\\\/chablis-premier-cru\\\/chablis-premier-cru-mont-de-milieu\\\/\"},\"author\":{\"name\":\"admin\",\"@id\":\"https:\\\/\\\/www.servin.fr\\\/#\\\/schema\\\/person\\\/9f0f05d9cf0e8904ecc3424d0069ba00\"},\"headline\":\"Mont de Milieu\",\"datePublished\":\"2023-12-18T17:45:06+00:00\",\"dateModified\":\"2025-10-08T13:21:47+00:00\",\"mainEntityOfPage\":{\"@id\":\"https:\\\/\\\/www.servin.fr\\\/les-vins\\\/chablis-premier-cru\\\/chablis-premier-cru-mont-de-milieu\\\/\"},\"wordCount\":76,\"commentCount\":0,\"publisher\":{\"@id\":\"https:\\\/\\\/www.servin.fr\\\/#organization\"},\"image\":{\"@id\":\"https:\\\/\\\/www.servin.fr\\\/les-vins\\\/chablis-premier-cru\\\/chablis-premier-cru-mont-de-milieu\\\/#primaryimage\"},\"thumbnailUrl\":\"https:\\\/\\\/www.servin.fr\\\/wp-content\\\/uploads\\\/2023\\\/12\\\/Bouteille-Premier-Cru-Mont.png\",\"articleSection\":[\"Chablis Premier Cru\"],\"inLanguage\":\"en-GB\",\"potentialAction\":[{\"@type\":\"CommentAction\",\"name\":\"Comment\",\"target\":[\"https:\\\/\\\/www.servin.fr\\\/les-vins\\\/chablis-premier-cru\\\/chablis-premier-cru-mont-de-milieu\\\/#respond\"]}]},{\"@type\":\"WebPage\",\"@id\":\"https:\\\/\\\/www.servin.fr\\\/les-vins\\\/chablis-premier-cru\\\/chablis-premier-cru-mont-de-milieu\\\/\",\"url\":\"https:\\\/\\\/www.servin.fr\\\/les-vins\\\/chablis-premier-cru\\\/chablis-premier-cru-mont-de-milieu\\\/\",\"name\":\"Chablis Premier Cru Mont de Milieu - Domaine Servin\",\"isPartOf\":{\"@id\":\"https:\\\/\\\/www.servin.fr\\\/#website\"},\"primaryImageOfPage\":{\"@id\":\"https:\\\/\\\/www.servin.fr\\\/les-vins\\\/chablis-premier-cru\\\/chablis-premier-cru-mont-de-milieu\\\/#primaryimage\"},\"image\":{\"@id\":\"https:\\\/\\\/www.servin.fr\\\/les-vins\\\/chablis-premier-cru\\\/chablis-premier-cru-mont-de-milieu\\\/#primaryimage\"},\"thumbnailUrl\":\"https:\\\/\\\/www.servin.fr\\\/wp-content\\\/uploads\\\/2023\\\/12\\\/Bouteille-Premier-Cru-Mont.png\",\"datePublished\":\"2023-12-18T17:45:06+00:00\",\"dateModified\":\"2025-10-08T13:21:47+00:00\",\"description\":\"Situ\u00e9 \u00e0 proximit\u00e9 des Grands Crus, le \\\"Mont de Milieu\\\" est un vin m\u00fbr, plein, riche et complet, avec une complexit\u00e9 florale et des ar\u00f4mes subtils\",\"breadcrumb\":{\"@id\":\"https:\\\/\\\/www.servin.fr\\\/les-vins\\\/chablis-premier-cru\\\/chablis-premier-cru-mont-de-milieu\\\/#breadcrumb\"},\"inLanguage\":\"en-GB\",\"potentialAction\":[{\"@type\":\"ReadAction\",\"target\":[\"https:\\\/\\\/www.servin.fr\\\/les-vins\\\/chablis-premier-cru\\\/chablis-premier-cru-mont-de-milieu\\\/\"]}]},{\"@type\":\"ImageObject\",\"inLanguage\":\"en-GB\",\"@id\":\"https:\\\/\\\/www.servin.fr\\\/les-vins\\\/chablis-premier-cru\\\/chablis-premier-cru-mont-de-milieu\\\/#primaryimage\",\"url\":\"https:\\\/\\\/www.servin.fr\\\/wp-content\\\/uploads\\\/2023\\\/12\\\/Bouteille-Premier-Cru-Mont.png\",\"contentUrl\":\"https:\\\/\\\/www.servin.fr\\\/wp-content\\\/uploads\\\/2023\\\/12\\\/Bouteille-Premier-Cru-Mont.png\"},{\"@type\":\"BreadcrumbList\",\"@id\":\"https:\\\/\\\/www.servin.fr\\\/les-vins\\\/chablis-premier-cru\\\/chablis-premier-cru-mont-de-milieu\\\/#breadcrumb\",\"itemListElement\":[{\"@type\":\"ListItem\",\"position\":1,\"name\":\"Accueil\",\"item\":\"https:\\\/\\\/www.servin.fr\\\/\"},{\"@type\":\"ListItem\",\"position\":2,\"name\":\"Mont de Milieu\"}]},{\"@type\":\"WebSite\",\"@id\":\"https:\\\/\\\/www.servin.fr\\\/#website\",\"url\":\"https:\\\/\\\/www.servin.fr\\\/\",\"name\":\"Domaine Servin - Chablis\",\"description\":\"\",\"publisher\":{\"@id\":\"https:\\\/\\\/www.servin.fr\\\/#organization\"},\"potentialAction\":[{\"@type\":\"SearchAction\",\"target\":{\"@type\":\"EntryPoint\",\"urlTemplate\":\"https:\\\/\\\/www.servin.fr\\\/?s={search_term_string}\"},\"query-input\":{\"@type\":\"PropertyValueSpecification\",\"valueRequired\":true,\"valueName\":\"search_term_string\"}}],\"inLanguage\":\"en-GB\"},{\"@type\":\"Organization\",\"@id\":\"https:\\\/\\\/www.servin.fr\\\/#organization\",\"name\":\"Domaine Servin\",\"url\":\"https:\\\/\\\/www.servin.fr\\\/\",\"logo\":{\"@type\":\"ImageObject\",\"inLanguage\":\"en-GB\",\"@id\":\"https:\\\/\\\/www.servin.fr\\\/#\\\/schema\\\/logo\\\/image\\\/\",\"url\":\"https:\\\/\\\/www.servin.fr\\\/wp-content\\\/uploads\\\/2023\\\/12\\\/logo.jpg\",\"contentUrl\":\"https:\\\/\\\/www.servin.fr\\\/wp-content\\\/uploads\\\/2023\\\/12\\\/logo.jpg\",\"width\":237,\"height\":142,\"caption\":\"Domaine Servin\"},\"image\":{\"@id\":\"https:\\\/\\\/www.servin.fr\\\/#\\\/schema\\\/logo\\\/image\\\/\"},\"sameAs\":[\"https:\\\/\\\/www.facebook.com\\\/domaine.servin\",\"https:\\\/\\\/www.instagram.com\\\/domaineservin\\\/\"]},{\"@type\":\"Person\",\"@id\":\"https:\\\/\\\/www.servin.fr\\\/#\\\/schema\\\/person\\\/9f0f05d9cf0e8904ecc3424d0069ba00\",\"name\":\"admin\",\"image\":{\"@type\":\"ImageObject\",\"inLanguage\":\"en-GB\",\"@id\":\"https:\\\/\\\/secure.gravatar.com\\\/avatar\\\/e69404687b8198758ad0b623c397dffdf231917bfebb4b1f18e013358a491890?s=96&d=mm&r=g\",\"url\":\"https:\\\/\\\/secure.gravatar.com\\\/avatar\\\/e69404687b8198758ad0b623c397dffdf231917bfebb4b1f18e013358a491890?s=96&d=mm&r=g\",\"contentUrl\":\"https:\\\/\\\/secure.gravatar.com\\\/avatar\\\/e69404687b8198758ad0b623c397dffdf231917bfebb4b1f18e013358a491890?s=96&d=mm&r=g\",\"caption\":\"admin\"},\"sameAs\":[\"https:\\\/\\\/servin.fr\"],\"url\":\"https:\\\/\\\/www.servin.fr\\\/en\\\/author\\\/damien_ghu4fw2w\\\/\"}]}<\/script>\n<!-- \/ Yoast SEO plugin. -->","yoast_head_json":{"title":"Chablis Premier Cru Mont de Milieu - Domaine Servin","description":"Situ\u00e9 \u00e0 proximit\u00e9 des Grands Crus, le \"Mont de Milieu\" est un vin m\u00fbr, plein, riche et complet, avec une complexit\u00e9 florale et des ar\u00f4mes subtils","robots":{"index":"index","follow":"follow","max-snippet":"max-snippet:-1","max-image-preview":"max-image-preview:large","max-video-preview":"max-video-preview:-1"},"canonical":"https:\/\/www.servin.fr\/en\/les-vins\/chablis-premier-cru\/chablis-premier-cru-mont-de-milieu\/","og_locale":"en_GB","og_type":"article","og_title":"Chablis Premier Cru Mont de Milieu - Domaine Servin","og_description":"Situ\u00e9 \u00e0 proximit\u00e9 des Grands Crus, le \"Mont de Milieu\" est un vin m\u00fbr, plein, riche et complet, avec une complexit\u00e9 florale et des ar\u00f4mes subtils","og_url":"https:\/\/www.servin.fr\/en\/les-vins\/chablis-premier-cru\/chablis-premier-cru-mont-de-milieu\/","og_site_name":"Domaine Servin","article_publisher":"https:\/\/www.facebook.com\/domaine.servin","article_published_time":"2023-12-18T17:45:06+00:00","article_modified_time":"2025-10-08T13:21:47+00:00","og_image":[{"width":231,"height":799,"url":"https:\/\/www.servin.fr\/wp-content\/uploads\/2023\/12\/Bouteille-Premier-Cru-Mont.png","type":"image\/png"}],"author":"admin","twitter_card":"summary_large_image","twitter_misc":{"Written by":"admin","Estimated reading time":"1 minute"},"schema":{"@context":"https:\/\/schema.org","@graph":[{"@type":"Article","@id":"https:\/\/www.servin.fr\/les-vins\/chablis-premier-cru\/chablis-premier-cru-mont-de-milieu\/#article","isPartOf":{"@id":"https:\/\/www.servin.fr\/les-vins\/chablis-premier-cru\/chablis-premier-cru-mont-de-milieu\/"},"author":{"name":"admin","@id":"https:\/\/www.servin.fr\/#\/schema\/person\/9f0f05d9cf0e8904ecc3424d0069ba00"},"headline":"Mont de Milieu","datePublished":"2023-12-18T17:45:06+00:00","dateModified":"2025-10-08T13:21:47+00:00","mainEntityOfPage":{"@id":"https:\/\/www.servin.fr\/les-vins\/chablis-premier-cru\/chablis-premier-cru-mont-de-milieu\/"},"wordCount":76,"commentCount":0,"publisher":{"@id":"https:\/\/www.servin.fr\/#organization"},"image":{"@id":"https:\/\/www.servin.fr\/les-vins\/chablis-premier-cru\/chablis-premier-cru-mont-de-milieu\/#primaryimage"},"thumbnailUrl":"https:\/\/www.servin.fr\/wp-content\/uploads\/2023\/12\/Bouteille-Premier-Cru-Mont.png","articleSection":["Chablis Premier Cru"],"inLanguage":"en-GB","potentialAction":[{"@type":"CommentAction","name":"Comment","target":["https:\/\/www.servin.fr\/les-vins\/chablis-premier-cru\/chablis-premier-cru-mont-de-milieu\/#respond"]}]},{"@type":"WebPage","@id":"https:\/\/www.servin.fr\/les-vins\/chablis-premier-cru\/chablis-premier-cru-mont-de-milieu\/","url":"https:\/\/www.servin.fr\/les-vins\/chablis-premier-cru\/chablis-premier-cru-mont-de-milieu\/","name":"Chablis Premier Cru Mont de Milieu - Domaine Servin","isPartOf":{"@id":"https:\/\/www.servin.fr\/#website"},"primaryImageOfPage":{"@id":"https:\/\/www.servin.fr\/les-vins\/chablis-premier-cru\/chablis-premier-cru-mont-de-milieu\/#primaryimage"},"image":{"@id":"https:\/\/www.servin.fr\/les-vins\/chablis-premier-cru\/chablis-premier-cru-mont-de-milieu\/#primaryimage"},"thumbnailUrl":"https:\/\/www.servin.fr\/wp-content\/uploads\/2023\/12\/Bouteille-Premier-Cru-Mont.png","datePublished":"2023-12-18T17:45:06+00:00","dateModified":"2025-10-08T13:21:47+00:00","description":"Situ\u00e9 \u00e0 proximit\u00e9 des Grands Crus, le \"Mont de Milieu\" est un vin m\u00fbr, plein, riche et complet, avec une complexit\u00e9 florale et des ar\u00f4mes subtils","breadcrumb":{"@id":"https:\/\/www.servin.fr\/les-vins\/chablis-premier-cru\/chablis-premier-cru-mont-de-milieu\/#breadcrumb"},"inLanguage":"en-GB","potentialAction":[{"@type":"ReadAction","target":["https:\/\/www.servin.fr\/les-vins\/chablis-premier-cru\/chablis-premier-cru-mont-de-milieu\/"]}]},{"@type":"ImageObject","inLanguage":"en-GB","@id":"https:\/\/www.servin.fr\/les-vins\/chablis-premier-cru\/chablis-premier-cru-mont-de-milieu\/#primaryimage","url":"https:\/\/www.servin.fr\/wp-content\/uploads\/2023\/12\/Bouteille-Premier-Cru-Mont.png","contentUrl":"https:\/\/www.servin.fr\/wp-content\/uploads\/2023\/12\/Bouteille-Premier-Cru-Mont.png"},{"@type":"BreadcrumbList","@id":"https:\/\/www.servin.fr\/les-vins\/chablis-premier-cru\/chablis-premier-cru-mont-de-milieu\/#breadcrumb","itemListElement":[{"@type":"ListItem","position":1,"name":"Accueil","item":"https:\/\/www.servin.fr\/"},{"@type":"ListItem","position":2,"name":"Mont de Milieu"}]},{"@type":"WebSite","@id":"https:\/\/www.servin.fr\/#website","url":"https:\/\/www.servin.fr\/","name":"Domaine Servin - Chablis","description":"","publisher":{"@id":"https:\/\/www.servin.fr\/#organization"},"potentialAction":[{"@type":"SearchAction","target":{"@type":"EntryPoint","urlTemplate":"https:\/\/www.servin.fr\/?s={search_term_string}"},"query-input":{"@type":"PropertyValueSpecification","valueRequired":true,"valueName":"search_term_string"}}],"inLanguage":"en-GB"},{"@type":"Organization","@id":"https:\/\/www.servin.fr\/#organization","name":"Domaine Servin","url":"https:\/\/www.servin.fr\/","logo":{"@type":"ImageObject","inLanguage":"en-GB","@id":"https:\/\/www.servin.fr\/#\/schema\/logo\/image\/","url":"https:\/\/www.servin.fr\/wp-content\/uploads\/2023\/12\/logo.jpg","contentUrl":"https:\/\/www.servin.fr\/wp-content\/uploads\/2023\/12\/logo.jpg","width":237,"height":142,"caption":"Domaine Servin"},"image":{"@id":"https:\/\/www.servin.fr\/#\/schema\/logo\/image\/"},"sameAs":["https:\/\/www.facebook.com\/domaine.servin","https:\/\/www.instagram.com\/domaineservin\/"]},{"@type":"Person","@id":"https:\/\/www.servin.fr\/#\/schema\/person\/9f0f05d9cf0e8904ecc3424d0069ba00","name":"admin","image":{"@type":"ImageObject","inLanguage":"en-GB","@id":"https:\/\/secure.gravatar.com\/avatar\/e69404687b8198758ad0b623c397dffdf231917bfebb4b1f18e013358a491890?s=96&d=mm&r=g","url":"https:\/\/secure.gravatar.com\/avatar\/e69404687b8198758ad0b623c397dffdf231917bfebb4b1f18e013358a491890?s=96&d=mm&r=g","contentUrl":"https:\/\/secure.gravatar.com\/avatar\/e69404687b8198758ad0b623c397dffdf231917bfebb4b1f18e013358a491890?s=96&d=mm&r=g","caption":"admin"},"sameAs":["https:\/\/servin.fr"],"url":"https:\/\/www.servin.fr\/en\/author\/damien_ghu4fw2w\/"}]}},"_links":{"self":[{"href":"https:\/\/www.servin.fr\/en\/wp-json\/wp\/v2\/posts\/202","targetHints":{"allow":["GET"]}}],"collection":[{"href":"https:\/\/www.servin.fr\/en\/wp-json\/wp\/v2\/posts"}],"about":[{"href":"https:\/\/www.servin.fr\/en\/wp-json\/wp\/v2\/types\/post"}],"author":[{"embeddable":true,"href":"https:\/\/www.servin.fr\/en\/wp-json\/wp\/v2\/users\/1"}],"replies":[{"embeddable":true,"href":"https:\/\/www.servin.fr\/en\/wp-json\/wp\/v2\/comments?post=202"}],"version-history":[{"count":32,"href":"https:\/\/www.servin.fr\/en\/wp-json\/wp\/v2\/posts\/202\/revisions"}],"predecessor-version":[{"id":1416,"href":"https:\/\/www.servin.fr\/en\/wp-json\/wp\/v2\/posts\/202\/revisions\/1416"}],"wp:attachment":[{"href":"https:\/\/www.servin.fr\/en\/wp-json\/wp\/v2\/media?parent=202"}],"wp:term":[{"taxonomy":"category","embeddable":true,"href":"https:\/\/www.servin.fr\/en\/wp-json\/wp\/v2\/categories?post=202"},{"taxonomy":"post_tag","embeddable":true,"href":"https:\/\/www.servin.fr\/en\/wp-json\/wp\/v2\/tags?post=202"}],"curies":[{"name":"wp","href":"https:\/\/api.w.org\/{rel}","templated":true}]}}