{"id":1399,"date":"2025-10-06T11:55:27","date_gmt":"2025-10-06T11:55:27","guid":{"rendered":"https:\/\/www.servin.fr\/?p=1399"},"modified":"2025-10-06T11:58:17","modified_gmt":"2025-10-06T11:58:17","slug":"fete-des-vins-de-chablis-2025","status":"publish","type":"post","link":"https:\/\/www.servin.fr\/en\/actualites\/fete-des-vins-de-chablis-2025\/","title":{"rendered":"F\u00eate des Vins de Chablis 2025"},"content":{"rendered":"<div data-elementor-type=\"wp-post\" data-elementor-id=\"1399\" class=\"elementor elementor-1399\">\n\t\t\t\t<div class=\"elementor-element elementor-element-e3dc023 e-flex e-con-boxed e-con e-parent\" data-id=\"e3dc023\" data-element_type=\"container\" data-e-type=\"container\">\n\t\t\t\t\t<div class=\"e-con-inner\">\n\t\t<div class=\"elementor-element elementor-element-7cf8669 e-con-full e-flex e-con e-child\" data-id=\"7cf8669\" data-element_type=\"container\" data-e-type=\"container\">\n\t\t\t\t<div class=\"elementor-element elementor-element-7dc1ce7 elementor-widget elementor-widget-image\" data-id=\"7dc1ce7\" data-element_type=\"widget\" data-e-type=\"widget\" data-widget_type=\"image.default\">\n\t\t\t\t<div class=\"elementor-widget-container\">\n\t\t\t\t\t\t\t\t\t\t\t\t\t\t\t<img fetchpriority=\"high\" decoding=\"async\" width=\"819\" height=\"1024\" src=\"https:\/\/www.servin.fr\/wp-content\/uploads\/2025\/10\/202507_BIVB_fete_vin_reseau_post_1080x1350px-819x1024.png\" class=\"attachment-large size-large wp-image-1401\" alt=\"\" srcset=\"https:\/\/www.servin.fr\/wp-content\/uploads\/2025\/10\/202507_BIVB_fete_vin_reseau_post_1080x1350px-819x1024.png 819w, https:\/\/www.servin.fr\/wp-content\/uploads\/2025\/10\/202507_BIVB_fete_vin_reseau_post_1080x1350px-240x300.png 240w, https:\/\/www.servin.fr\/wp-content\/uploads\/2025\/10\/202507_BIVB_fete_vin_reseau_post_1080x1350px-768x960.png 768w, https:\/\/www.servin.fr\/wp-content\/uploads\/2025\/10\/202507_BIVB_fete_vin_reseau_post_1080x1350px-10x12.png 10w, https:\/\/www.servin.fr\/wp-content\/uploads\/2025\/10\/202507_BIVB_fete_vin_reseau_post_1080x1350px-204x255.png 204w, https:\/\/www.servin.fr\/wp-content\/uploads\/2025\/10\/202507_BIVB_fete_vin_reseau_post_1080x1350px.png 1080w\" sizes=\"(max-width: 819px) 100vw, 819px\" \/>\t\t\t\t\t\t\t\t\t\t\t\t\t\t\t<\/div>\n\t\t\t\t<\/div>\n\t\t\t\t<\/div>\n\t\t<div class=\"elementor-element elementor-element-adac123 e-con-full e-flex e-con e-child\" data-id=\"adac123\" data-element_type=\"container\" data-e-type=\"container\">\n\t\t\t\t<div class=\"elementor-element elementor-element-760a0b2 elementor-widget elementor-widget-heading\" data-id=\"760a0b2\" data-element_type=\"widget\" data-e-type=\"widget\" data-widget_type=\"heading.default\">\n\t\t\t\t<div class=\"elementor-widget-container\">\n\t\t\t\t\t<h2 class=\"elementor-heading-title elementor-size-default\">Chablis Wine Festival - 2025<\/h2>\t\t\t\t<\/div>\n\t\t\t\t<\/div>\n\t\t\t\t<div class=\"elementor-element elementor-element-9e7b169 elementor-widget elementor-widget-text-editor\" data-id=\"9e7b169\" data-element_type=\"widget\" data-e-type=\"widget\" data-widget_type=\"text-editor.default\">\n\t\t\t\t<div class=\"elementor-widget-container\">\n\t\t\t\t\t\t\t\t\t<div><div dir=\"auto\" style=\"text-align: start;\"><p data-start=\"150\" data-end=\"261\">This year again, we look forward to seeing you at the Chablis Wine Festival, for its 77th edition!\u00a0<\/p><p data-start=\"263\" data-end=\"415\">On October 25 and 26, 2025, come meet us in the heart of the city to taste our wines and share a friendly moment around a drink.\u00a0<\/p><p data-start=\"417\" data-end=\"451\">We look forward to seeing you there!<\/p><p data-start=\"453\" data-end=\"520\">Chablis Wine Festival \u2013 Boulevard Tacussel, 89800 Chablis<\/p><\/div><\/div>\t\t\t\t\t\t\t\t<\/div>\n\t\t\t\t<\/div>\n\t\t\t\t<\/div>\n\t\t\t\t\t<\/div>\n\t\t\t\t<\/div>\n\t\t\t\t<\/div>","protected":false},"excerpt":{"rendered":"<p>F\u00eate des Vins de Chablis &#8211; 2025 Cette ann\u00e9e encore, nous vous donnons rendez-vous \u00e0 la F\u00eate des Vins de Chablis, pour sa 77e \u00e9dition !\u00a0 Les 25 et 26 octobre 2025, venez nous retrouver au c\u0153ur du centre-ville pour d\u00e9guster nos cuv\u00e9es et partager un moment convivial autour d\u2019un verre.\u00a0 Nous avons h\u00e2te de [&hellip;]<\/p>\n","protected":false},"author":2,"featured_media":0,"comment_status":"closed","ping_status":"open","sticky":false,"template":"","format":"standard","meta":{"footnotes":""},"categories":[3],"tags":[],"class_list":["post-1399","post","type-post","status-publish","format-standard","hentry","category-actualites"],"yoast_head":"<!-- This site is optimized with the Yoast SEO plugin v27.5 - https:\/\/yoast.com\/product\/yoast-seo-wordpress\/ -->\n<title>F\u00eate des Vins de Chablis 2025 - Domaine Servin<\/title>\n<meta name=\"robots\" content=\"index, follow, max-snippet:-1, max-image-preview:large, max-video-preview:-1\" \/>\n<link rel=\"canonical\" href=\"https:\/\/www.servin.fr\/en\/actualites\/fete-des-vins-de-chablis-2025\/\" \/>\n<meta property=\"og:locale\" content=\"en_GB\" \/>\n<meta property=\"og:type\" content=\"article\" \/>\n<meta property=\"og:title\" content=\"F\u00eate des Vins de Chablis 2025 - Domaine Servin\" \/>\n<meta property=\"og:description\" content=\"F\u00eate des Vins de Chablis &#8211; 2025 Cette ann\u00e9e encore, nous vous donnons rendez-vous \u00e0 la F\u00eate des Vins de Chablis, pour sa 77e \u00e9dition !\u00a0 Les 25 et 26 octobre 2025, venez nous retrouver au c\u0153ur du centre-ville pour d\u00e9guster nos cuv\u00e9es et partager un moment convivial autour d\u2019un verre.\u00a0 Nous avons h\u00e2te de [&hellip;]\" \/>\n<meta property=\"og:url\" content=\"https:\/\/www.servin.fr\/en\/actualites\/fete-des-vins-de-chablis-2025\/\" \/>\n<meta property=\"og:site_name\" content=\"Domaine Servin\" \/>\n<meta property=\"article:publisher\" content=\"https:\/\/www.facebook.com\/domaine.servin\" \/>\n<meta property=\"article:published_time\" content=\"2025-10-06T11:55:27+00:00\" \/>\n<meta property=\"article:modified_time\" content=\"2025-10-06T11:58:17+00:00\" \/>\n<meta property=\"og:image\" content=\"https:\/\/www.servin.fr\/wp-content\/uploads\/2025\/10\/202507_BIVB_fete_vin_reseau_post_1080x1350px.png\" \/>\n\t<meta property=\"og:image:width\" content=\"1080\" \/>\n\t<meta property=\"og:image:height\" content=\"1350\" \/>\n\t<meta property=\"og:image:type\" content=\"image\/png\" \/>\n<meta name=\"author\" content=\"servin.domaine\" \/>\n<meta name=\"twitter:card\" content=\"summary_large_image\" \/>\n<meta name=\"twitter:label1\" content=\"Written by\" \/>\n\t<meta name=\"twitter:data1\" content=\"servin.domaine\" \/>\n\t<meta name=\"twitter:label2\" content=\"Estimated reading time\" \/>\n\t<meta name=\"twitter:data2\" content=\"1 minute\" \/>\n<script type=\"application\/ld+json\" class=\"yoast-schema-graph\">{\"@context\":\"https:\\\/\\\/schema.org\",\"@graph\":[{\"@type\":\"Article\",\"@id\":\"https:\\\/\\\/www.servin.fr\\\/actualites\\\/fete-des-vins-de-chablis-2025\\\/#article\",\"isPartOf\":{\"@id\":\"https:\\\/\\\/www.servin.fr\\\/actualites\\\/fete-des-vins-de-chablis-2025\\\/\"},\"author\":{\"name\":\"servin.domaine\",\"@id\":\"https:\\\/\\\/www.servin.fr\\\/#\\\/schema\\\/person\\\/82282f609aa4d0a465cddb2d67a47baa\"},\"headline\":\"F\u00eate des Vins de Chablis 2025\",\"datePublished\":\"2025-10-06T11:55:27+00:00\",\"dateModified\":\"2025-10-06T11:58:17+00:00\",\"mainEntityOfPage\":{\"@id\":\"https:\\\/\\\/www.servin.fr\\\/actualites\\\/fete-des-vins-de-chablis-2025\\\/\"},\"wordCount\":75,\"publisher\":{\"@id\":\"https:\\\/\\\/www.servin.fr\\\/#organization\"},\"image\":{\"@id\":\"https:\\\/\\\/www.servin.fr\\\/actualites\\\/fete-des-vins-de-chablis-2025\\\/#primaryimage\"},\"thumbnailUrl\":\"https:\\\/\\\/www.servin.fr\\\/wp-content\\\/uploads\\\/2025\\\/10\\\/202507_BIVB_fete_vin_reseau_post_1080x1350px-819x1024.png\",\"articleSection\":[\"Actualit\u00e9s\"],\"inLanguage\":\"en-GB\"},{\"@type\":\"WebPage\",\"@id\":\"https:\\\/\\\/www.servin.fr\\\/actualites\\\/fete-des-vins-de-chablis-2025\\\/\",\"url\":\"https:\\\/\\\/www.servin.fr\\\/actualites\\\/fete-des-vins-de-chablis-2025\\\/\",\"name\":\"F\u00eate des Vins de Chablis 2025 - Domaine Servin\",\"isPartOf\":{\"@id\":\"https:\\\/\\\/www.servin.fr\\\/#website\"},\"primaryImageOfPage\":{\"@id\":\"https:\\\/\\\/www.servin.fr\\\/actualites\\\/fete-des-vins-de-chablis-2025\\\/#primaryimage\"},\"image\":{\"@id\":\"https:\\\/\\\/www.servin.fr\\\/actualites\\\/fete-des-vins-de-chablis-2025\\\/#primaryimage\"},\"thumbnailUrl\":\"https:\\\/\\\/www.servin.fr\\\/wp-content\\\/uploads\\\/2025\\\/10\\\/202507_BIVB_fete_vin_reseau_post_1080x1350px-819x1024.png\",\"datePublished\":\"2025-10-06T11:55:27+00:00\",\"dateModified\":\"2025-10-06T11:58:17+00:00\",\"breadcrumb\":{\"@id\":\"https:\\\/\\\/www.servin.fr\\\/actualites\\\/fete-des-vins-de-chablis-2025\\\/#breadcrumb\"},\"inLanguage\":\"en-GB\",\"potentialAction\":[{\"@type\":\"ReadAction\",\"target\":[\"https:\\\/\\\/www.servin.fr\\\/actualites\\\/fete-des-vins-de-chablis-2025\\\/\"]}]},{\"@type\":\"ImageObject\",\"inLanguage\":\"en-GB\",\"@id\":\"https:\\\/\\\/www.servin.fr\\\/actualites\\\/fete-des-vins-de-chablis-2025\\\/#primaryimage\",\"url\":\"https:\\\/\\\/www.servin.fr\\\/wp-content\\\/uploads\\\/2025\\\/10\\\/202507_BIVB_fete_vin_reseau_post_1080x1350px-819x1024.png\",\"contentUrl\":\"https:\\\/\\\/www.servin.fr\\\/wp-content\\\/uploads\\\/2025\\\/10\\\/202507_BIVB_fete_vin_reseau_post_1080x1350px-819x1024.png\"},{\"@type\":\"BreadcrumbList\",\"@id\":\"https:\\\/\\\/www.servin.fr\\\/actualites\\\/fete-des-vins-de-chablis-2025\\\/#breadcrumb\",\"itemListElement\":[{\"@type\":\"ListItem\",\"position\":1,\"name\":\"Accueil\",\"item\":\"https:\\\/\\\/www.servin.fr\\\/\"},{\"@type\":\"ListItem\",\"position\":2,\"name\":\"F\u00eate des Vins de Chablis 2025\"}]},{\"@type\":\"WebSite\",\"@id\":\"https:\\\/\\\/www.servin.fr\\\/#website\",\"url\":\"https:\\\/\\\/www.servin.fr\\\/\",\"name\":\"Domaine Servin - Chablis\",\"description\":\"\",\"publisher\":{\"@id\":\"https:\\\/\\\/www.servin.fr\\\/#organization\"},\"potentialAction\":[{\"@type\":\"SearchAction\",\"target\":{\"@type\":\"EntryPoint\",\"urlTemplate\":\"https:\\\/\\\/www.servin.fr\\\/?s={search_term_string}\"},\"query-input\":{\"@type\":\"PropertyValueSpecification\",\"valueRequired\":true,\"valueName\":\"search_term_string\"}}],\"inLanguage\":\"en-GB\"},{\"@type\":\"Organization\",\"@id\":\"https:\\\/\\\/www.servin.fr\\\/#organization\",\"name\":\"Domaine Servin\",\"url\":\"https:\\\/\\\/www.servin.fr\\\/\",\"logo\":{\"@type\":\"ImageObject\",\"inLanguage\":\"en-GB\",\"@id\":\"https:\\\/\\\/www.servin.fr\\\/#\\\/schema\\\/logo\\\/image\\\/\",\"url\":\"https:\\\/\\\/www.servin.fr\\\/wp-content\\\/uploads\\\/2023\\\/12\\\/logo.jpg\",\"contentUrl\":\"https:\\\/\\\/www.servin.fr\\\/wp-content\\\/uploads\\\/2023\\\/12\\\/logo.jpg\",\"width\":237,\"height\":142,\"caption\":\"Domaine Servin\"},\"image\":{\"@id\":\"https:\\\/\\\/www.servin.fr\\\/#\\\/schema\\\/logo\\\/image\\\/\"},\"sameAs\":[\"https:\\\/\\\/www.facebook.com\\\/domaine.servin\",\"https:\\\/\\\/www.instagram.com\\\/domaineservin\\\/\"]},{\"@type\":\"Person\",\"@id\":\"https:\\\/\\\/www.servin.fr\\\/#\\\/schema\\\/person\\\/82282f609aa4d0a465cddb2d67a47baa\",\"name\":\"servin.domaine\",\"image\":{\"@type\":\"ImageObject\",\"inLanguage\":\"en-GB\",\"@id\":\"https:\\\/\\\/secure.gravatar.com\\\/avatar\\\/7c339c260931e8f2ad3cf600699157a0dd5bbaeed20d4837c0bf962dabd7326f?s=96&d=mm&r=g\",\"url\":\"https:\\\/\\\/secure.gravatar.com\\\/avatar\\\/7c339c260931e8f2ad3cf600699157a0dd5bbaeed20d4837c0bf962dabd7326f?s=96&d=mm&r=g\",\"contentUrl\":\"https:\\\/\\\/secure.gravatar.com\\\/avatar\\\/7c339c260931e8f2ad3cf600699157a0dd5bbaeed20d4837c0bf962dabd7326f?s=96&d=mm&r=g\",\"caption\":\"servin.domaine\"},\"url\":\"https:\\\/\\\/www.servin.fr\\\/en\\\/author\\\/servin-domaine\\\/\"}]}<\/script>\n<!-- \/ Yoast SEO plugin. -->","yoast_head_json":{"title":"F\u00eate des Vins de Chablis 2025 - Domaine Servin","robots":{"index":"index","follow":"follow","max-snippet":"max-snippet:-1","max-image-preview":"max-image-preview:large","max-video-preview":"max-video-preview:-1"},"canonical":"https:\/\/www.servin.fr\/en\/actualites\/fete-des-vins-de-chablis-2025\/","og_locale":"en_GB","og_type":"article","og_title":"F\u00eate des Vins de Chablis 2025 - Domaine Servin","og_description":"F\u00eate des Vins de Chablis &#8211; 2025 Cette ann\u00e9e encore, nous vous donnons rendez-vous \u00e0 la F\u00eate des Vins de Chablis, pour sa 77e \u00e9dition !\u00a0 Les 25 et 26 octobre 2025, venez nous retrouver au c\u0153ur du centre-ville pour d\u00e9guster nos cuv\u00e9es et partager un moment convivial autour d\u2019un verre.\u00a0 Nous avons h\u00e2te de [&hellip;]","og_url":"https:\/\/www.servin.fr\/en\/actualites\/fete-des-vins-de-chablis-2025\/","og_site_name":"Domaine Servin","article_publisher":"https:\/\/www.facebook.com\/domaine.servin","article_published_time":"2025-10-06T11:55:27+00:00","article_modified_time":"2025-10-06T11:58:17+00:00","og_image":[{"width":1080,"height":1350,"url":"https:\/\/www.servin.fr\/wp-content\/uploads\/2025\/10\/202507_BIVB_fete_vin_reseau_post_1080x1350px.png","type":"image\/png"}],"author":"servin.domaine","twitter_card":"summary_large_image","twitter_misc":{"Written by":"servin.domaine","Estimated reading time":"1 minute"},"schema":{"@context":"https:\/\/schema.org","@graph":[{"@type":"Article","@id":"https:\/\/www.servin.fr\/actualites\/fete-des-vins-de-chablis-2025\/#article","isPartOf":{"@id":"https:\/\/www.servin.fr\/actualites\/fete-des-vins-de-chablis-2025\/"},"author":{"name":"servin.domaine","@id":"https:\/\/www.servin.fr\/#\/schema\/person\/82282f609aa4d0a465cddb2d67a47baa"},"headline":"F\u00eate des Vins de Chablis 2025","datePublished":"2025-10-06T11:55:27+00:00","dateModified":"2025-10-06T11:58:17+00:00","mainEntityOfPage":{"@id":"https:\/\/www.servin.fr\/actualites\/fete-des-vins-de-chablis-2025\/"},"wordCount":75,"publisher":{"@id":"https:\/\/www.servin.fr\/#organization"},"image":{"@id":"https:\/\/www.servin.fr\/actualites\/fete-des-vins-de-chablis-2025\/#primaryimage"},"thumbnailUrl":"https:\/\/www.servin.fr\/wp-content\/uploads\/2025\/10\/202507_BIVB_fete_vin_reseau_post_1080x1350px-819x1024.png","articleSection":["Actualit\u00e9s"],"inLanguage":"en-GB"},{"@type":"WebPage","@id":"https:\/\/www.servin.fr\/actualites\/fete-des-vins-de-chablis-2025\/","url":"https:\/\/www.servin.fr\/actualites\/fete-des-vins-de-chablis-2025\/","name":"F\u00eate des Vins de Chablis 2025 - Domaine Servin","isPartOf":{"@id":"https:\/\/www.servin.fr\/#website"},"primaryImageOfPage":{"@id":"https:\/\/www.servin.fr\/actualites\/fete-des-vins-de-chablis-2025\/#primaryimage"},"image":{"@id":"https:\/\/www.servin.fr\/actualites\/fete-des-vins-de-chablis-2025\/#primaryimage"},"thumbnailUrl":"https:\/\/www.servin.fr\/wp-content\/uploads\/2025\/10\/202507_BIVB_fete_vin_reseau_post_1080x1350px-819x1024.png","datePublished":"2025-10-06T11:55:27+00:00","dateModified":"2025-10-06T11:58:17+00:00","breadcrumb":{"@id":"https:\/\/www.servin.fr\/actualites\/fete-des-vins-de-chablis-2025\/#breadcrumb"},"inLanguage":"en-GB","potentialAction":[{"@type":"ReadAction","target":["https:\/\/www.servin.fr\/actualites\/fete-des-vins-de-chablis-2025\/"]}]},{"@type":"ImageObject","inLanguage":"en-GB","@id":"https:\/\/www.servin.fr\/actualites\/fete-des-vins-de-chablis-2025\/#primaryimage","url":"https:\/\/www.servin.fr\/wp-content\/uploads\/2025\/10\/202507_BIVB_fete_vin_reseau_post_1080x1350px-819x1024.png","contentUrl":"https:\/\/www.servin.fr\/wp-content\/uploads\/2025\/10\/202507_BIVB_fete_vin_reseau_post_1080x1350px-819x1024.png"},{"@type":"BreadcrumbList","@id":"https:\/\/www.servin.fr\/actualites\/fete-des-vins-de-chablis-2025\/#breadcrumb","itemListElement":[{"@type":"ListItem","position":1,"name":"Accueil","item":"https:\/\/www.servin.fr\/"},{"@type":"ListItem","position":2,"name":"F\u00eate des Vins de Chablis 2025"}]},{"@type":"WebSite","@id":"https:\/\/www.servin.fr\/#website","url":"https:\/\/www.servin.fr\/","name":"Domaine Servin - Chablis","description":"","publisher":{"@id":"https:\/\/www.servin.fr\/#organization"},"potentialAction":[{"@type":"SearchAction","target":{"@type":"EntryPoint","urlTemplate":"https:\/\/www.servin.fr\/?s={search_term_string}"},"query-input":{"@type":"PropertyValueSpecification","valueRequired":true,"valueName":"search_term_string"}}],"inLanguage":"en-GB"},{"@type":"Organization","@id":"https:\/\/www.servin.fr\/#organization","name":"Domaine Servin","url":"https:\/\/www.servin.fr\/","logo":{"@type":"ImageObject","inLanguage":"en-GB","@id":"https:\/\/www.servin.fr\/#\/schema\/logo\/image\/","url":"https:\/\/www.servin.fr\/wp-content\/uploads\/2023\/12\/logo.jpg","contentUrl":"https:\/\/www.servin.fr\/wp-content\/uploads\/2023\/12\/logo.jpg","width":237,"height":142,"caption":"Domaine Servin"},"image":{"@id":"https:\/\/www.servin.fr\/#\/schema\/logo\/image\/"},"sameAs":["https:\/\/www.facebook.com\/domaine.servin","https:\/\/www.instagram.com\/domaineservin\/"]},{"@type":"Person","@id":"https:\/\/www.servin.fr\/#\/schema\/person\/82282f609aa4d0a465cddb2d67a47baa","name":"servin.domaine","image":{"@type":"ImageObject","inLanguage":"en-GB","@id":"https:\/\/secure.gravatar.com\/avatar\/7c339c260931e8f2ad3cf600699157a0dd5bbaeed20d4837c0bf962dabd7326f?s=96&d=mm&r=g","url":"https:\/\/secure.gravatar.com\/avatar\/7c339c260931e8f2ad3cf600699157a0dd5bbaeed20d4837c0bf962dabd7326f?s=96&d=mm&r=g","contentUrl":"https:\/\/secure.gravatar.com\/avatar\/7c339c260931e8f2ad3cf600699157a0dd5bbaeed20d4837c0bf962dabd7326f?s=96&d=mm&r=g","caption":"servin.domaine"},"url":"https:\/\/www.servin.fr\/en\/author\/servin-domaine\/"}]}},"_links":{"self":[{"href":"https:\/\/www.servin.fr\/en\/wp-json\/wp\/v2\/posts\/1399","targetHints":{"allow":["GET"]}}],"collection":[{"href":"https:\/\/www.servin.fr\/en\/wp-json\/wp\/v2\/posts"}],"about":[{"href":"https:\/\/www.servin.fr\/en\/wp-json\/wp\/v2\/types\/post"}],"author":[{"embeddable":true,"href":"https:\/\/www.servin.fr\/en\/wp-json\/wp\/v2\/users\/2"}],"replies":[{"embeddable":true,"href":"https:\/\/www.servin.fr\/en\/wp-json\/wp\/v2\/comments?post=1399"}],"version-history":[{"count":4,"href":"https:\/\/www.servin.fr\/en\/wp-json\/wp\/v2\/posts\/1399\/revisions"}],"predecessor-version":[{"id":1404,"href":"https:\/\/www.servin.fr\/en\/wp-json\/wp\/v2\/posts\/1399\/revisions\/1404"}],"wp:attachment":[{"href":"https:\/\/www.servin.fr\/en\/wp-json\/wp\/v2\/media?parent=1399"}],"wp:term":[{"taxonomy":"category","embeddable":true,"href":"https:\/\/www.servin.fr\/en\/wp-json\/wp\/v2\/categories?post=1399"},{"taxonomy":"post_tag","embeddable":true,"href":"https:\/\/www.servin.fr\/en\/wp-json\/wp\/v2\/tags?post=1399"}],"curies":[{"name":"wp","href":"https:\/\/api.w.org\/{rel}","templated":true}]}}