{"id":1157,"date":"2024-07-10T09:04:22","date_gmt":"2024-07-10T09:04:22","guid":{"rendered":"https:\/\/www.servin.fr\/?p=1157"},"modified":"2025-08-27T14:01:00","modified_gmt":"2025-08-27T14:01:00","slug":"le-millesime-2023","status":"publish","type":"post","link":"https:\/\/www.servin.fr\/en\/millesimes\/le-millesime-2023\/","title":{"rendered":"2023 Vintage"},"content":{"rendered":"<div data-elementor-type=\"wp-post\" data-elementor-id=\"1157\" class=\"elementor elementor-1157\">\n\t\t\t\t<div class=\"elementor-element elementor-element-d789cb6 e-flex e-con-boxed e-con e-parent\" data-id=\"d789cb6\" data-element_type=\"container\" data-e-type=\"container\">\n\t\t\t\t\t<div class=\"e-con-inner\">\n\t\t<div class=\"elementor-element elementor-element-3d696ad e-con-full e-flex e-con e-child\" data-id=\"3d696ad\" data-element_type=\"container\" data-e-type=\"container\" data-settings=\"{&quot;background_background&quot;:&quot;classic&quot;}\">\n\t\t\t\t<\/div>\n\t\t<div class=\"elementor-element elementor-element-a606f91 e-con-full e-flex e-con e-child\" data-id=\"a606f91\" data-element_type=\"container\" data-e-type=\"container\">\n\t\t\t\t<div class=\"elementor-element elementor-element-f018ea9 elementor-widget elementor-widget-heading\" data-id=\"f018ea9\" data-element_type=\"widget\" data-e-type=\"widget\" data-widget_type=\"heading.default\">\n\t\t\t\t<div class=\"elementor-widget-container\">\n\t\t\t\t\t<h2 class=\"elementor-heading-title elementor-size-default\">2023 Vintage<\/h2>\t\t\t\t<\/div>\n\t\t\t\t<\/div>\n\t\t\t\t<div class=\"elementor-element elementor-element-b2650f1 elementor-widget elementor-widget-text-editor\" data-id=\"b2650f1\" data-element_type=\"widget\" data-e-type=\"widget\" data-widget_type=\"text-editor.default\">\n\t\t\t\t<div class=\"elementor-widget-container\">\n\t\t\t\t\t\t\t\t\t<p><em><strong>\u201cVintage 2023 in Burgundy: Beyond Expectations!\u201d<\/strong><\/em><\/p><p><em><strong>Start of Harvest : September 8, 2023<\/strong><\/em><\/p><p data-start=\"180\" data-end=\"411\" class=\"translation-block\">The 2023 vintage will remain as a generous and qualitative year in Burgundy. After an unstable summer, the harvest that began on September 8th yielded quality grapes with a remarkable sanitary state.<\/p><p data-start=\"413\" data-end=\"809\" class=\"translation-block\">In Chablis, the <strong data-start=\"427\" data-end=\"441\">Chardonnay<\/strong> has reached perfect maturity while retaining the freshness that makes the reputation of the great white wines of the region. The meticulous sorting allowed to bring in rich, expressive and aromatic juices. The wines are distinguished by notes of <strong data-start=\"687\" data-end=\"709\">ripe white fruits<\/strong> (pear, peach), a beautiful opulence and balance preserved despite the heat of early September.<\/p><p data-start=\"811\" data-end=\"1050\" class=\"translation-block\">Quality and quantity are combined: 2023 is unanimously recognized as a <strong data-start=\"884\" data-end=\"917\">very great vintage in white<\/strong>, offering fruity, elegant and diverse wines that will appeal to both youth enthusiasts and aging enthusiasts.<\/p><p>\u00a0<\/p>\t\t\t\t\t\t\t\t<\/div>\n\t\t\t\t<\/div>\n\t\t\t\t<\/div>\n\t\t\t\t\t<\/div>\n\t\t\t\t<\/div>\n\t\t\t\t<\/div>","protected":false},"excerpt":{"rendered":"<p>Le mill\u00e9sime 2023 \u00ab\u00a0Mill\u00e9sime 2023 en Bourgogne :\u00a0 Au-del\u00e0 des esp\u00e9rances !\u00a0\u00bb D\u00e9but des vendanges : 8 septembre 2023 Le mill\u00e9sime 2023 restera comme une ann\u00e9e g\u00e9n\u00e9reuse et qualitative en Bourgogne. Apr\u00e8s un \u00e9t\u00e9 instable, les vendanges, d\u00e9but\u00e9es le 8 septembre, ont offert de beaux rendements et des raisins dans un \u00e9tat sanitaire remarquable. \u00c0 [&hellip;]<\/p>\n","protected":false},"author":1,"featured_media":0,"comment_status":"closed","ping_status":"open","sticky":false,"template":"","format":"standard","meta":{"footnotes":""},"categories":[10],"tags":[],"class_list":["post-1157","post","type-post","status-publish","format-standard","hentry","category-millesimes"],"yoast_head":"<!-- This site is optimized with the Yoast SEO plugin v27.5 - https:\/\/yoast.com\/product\/yoast-seo-wordpress\/ -->\n<title>Le mill\u00e9sime 2023 - Domaine Servin<\/title>\n<meta name=\"robots\" content=\"index, follow, max-snippet:-1, max-image-preview:large, max-video-preview:-1\" \/>\n<link rel=\"canonical\" href=\"https:\/\/www.servin.fr\/en\/millesimes\/le-millesime-2023\/\" \/>\n<meta property=\"og:locale\" content=\"en_GB\" \/>\n<meta property=\"og:type\" content=\"article\" \/>\n<meta property=\"og:title\" content=\"Le mill\u00e9sime 2023 - Domaine Servin\" \/>\n<meta property=\"og:description\" content=\"Le mill\u00e9sime 2023 \u00ab\u00a0Mill\u00e9sime 2023 en Bourgogne :\u00a0 Au-del\u00e0 des esp\u00e9rances !\u00a0\u00bb D\u00e9but des vendanges : 8 septembre 2023 Le mill\u00e9sime 2023 restera comme une ann\u00e9e g\u00e9n\u00e9reuse et qualitative en Bourgogne. Apr\u00e8s un \u00e9t\u00e9 instable, les vendanges, d\u00e9but\u00e9es le 8 septembre, ont offert de beaux rendements et des raisins dans un \u00e9tat sanitaire remarquable. \u00c0 [&hellip;]\" \/>\n<meta property=\"og:url\" content=\"https:\/\/www.servin.fr\/en\/millesimes\/le-millesime-2023\/\" \/>\n<meta property=\"og:site_name\" content=\"Domaine Servin\" \/>\n<meta property=\"article:publisher\" content=\"https:\/\/www.facebook.com\/domaine.servin\" \/>\n<meta property=\"article:published_time\" content=\"2024-07-10T09:04:22+00:00\" \/>\n<meta property=\"article:modified_time\" content=\"2025-08-27T14:01:00+00:00\" \/>\n<meta name=\"author\" content=\"admin\" \/>\n<meta name=\"twitter:card\" content=\"summary_large_image\" \/>\n<meta name=\"twitter:label1\" content=\"Written by\" \/>\n\t<meta name=\"twitter:data1\" content=\"admin\" \/>\n\t<meta name=\"twitter:label2\" content=\"Estimated reading time\" \/>\n\t<meta name=\"twitter:data2\" content=\"1 minute\" \/>\n<script type=\"application\/ld+json\" class=\"yoast-schema-graph\">{\"@context\":\"https:\\\/\\\/schema.org\",\"@graph\":[{\"@type\":\"Article\",\"@id\":\"https:\\\/\\\/www.servin.fr\\\/millesimes\\\/le-millesime-2023\\\/#article\",\"isPartOf\":{\"@id\":\"https:\\\/\\\/www.servin.fr\\\/millesimes\\\/le-millesime-2023\\\/\"},\"author\":{\"name\":\"admin\",\"@id\":\"https:\\\/\\\/www.servin.fr\\\/#\\\/schema\\\/person\\\/9f0f05d9cf0e8904ecc3424d0069ba00\"},\"headline\":\"Le mill\u00e9sime 2023\",\"datePublished\":\"2024-07-10T09:04:22+00:00\",\"dateModified\":\"2025-08-27T14:01:00+00:00\",\"mainEntityOfPage\":{\"@id\":\"https:\\\/\\\/www.servin.fr\\\/millesimes\\\/le-millesime-2023\\\/\"},\"wordCount\":172,\"publisher\":{\"@id\":\"https:\\\/\\\/www.servin.fr\\\/#organization\"},\"articleSection\":[\"Mill\u00e9simes\"],\"inLanguage\":\"en-GB\"},{\"@type\":\"WebPage\",\"@id\":\"https:\\\/\\\/www.servin.fr\\\/millesimes\\\/le-millesime-2023\\\/\",\"url\":\"https:\\\/\\\/www.servin.fr\\\/millesimes\\\/le-millesime-2023\\\/\",\"name\":\"Le mill\u00e9sime 2023 - Domaine Servin\",\"isPartOf\":{\"@id\":\"https:\\\/\\\/www.servin.fr\\\/#website\"},\"datePublished\":\"2024-07-10T09:04:22+00:00\",\"dateModified\":\"2025-08-27T14:01:00+00:00\",\"breadcrumb\":{\"@id\":\"https:\\\/\\\/www.servin.fr\\\/millesimes\\\/le-millesime-2023\\\/#breadcrumb\"},\"inLanguage\":\"en-GB\",\"potentialAction\":[{\"@type\":\"ReadAction\",\"target\":[\"https:\\\/\\\/www.servin.fr\\\/millesimes\\\/le-millesime-2023\\\/\"]}]},{\"@type\":\"BreadcrumbList\",\"@id\":\"https:\\\/\\\/www.servin.fr\\\/millesimes\\\/le-millesime-2023\\\/#breadcrumb\",\"itemListElement\":[{\"@type\":\"ListItem\",\"position\":1,\"name\":\"Accueil\",\"item\":\"https:\\\/\\\/www.servin.fr\\\/\"},{\"@type\":\"ListItem\",\"position\":2,\"name\":\"Le mill\u00e9sime 2023\"}]},{\"@type\":\"WebSite\",\"@id\":\"https:\\\/\\\/www.servin.fr\\\/#website\",\"url\":\"https:\\\/\\\/www.servin.fr\\\/\",\"name\":\"Domaine Servin - Chablis\",\"description\":\"\",\"publisher\":{\"@id\":\"https:\\\/\\\/www.servin.fr\\\/#organization\"},\"potentialAction\":[{\"@type\":\"SearchAction\",\"target\":{\"@type\":\"EntryPoint\",\"urlTemplate\":\"https:\\\/\\\/www.servin.fr\\\/?s={search_term_string}\"},\"query-input\":{\"@type\":\"PropertyValueSpecification\",\"valueRequired\":true,\"valueName\":\"search_term_string\"}}],\"inLanguage\":\"en-GB\"},{\"@type\":\"Organization\",\"@id\":\"https:\\\/\\\/www.servin.fr\\\/#organization\",\"name\":\"Domaine Servin\",\"url\":\"https:\\\/\\\/www.servin.fr\\\/\",\"logo\":{\"@type\":\"ImageObject\",\"inLanguage\":\"en-GB\",\"@id\":\"https:\\\/\\\/www.servin.fr\\\/#\\\/schema\\\/logo\\\/image\\\/\",\"url\":\"https:\\\/\\\/www.servin.fr\\\/wp-content\\\/uploads\\\/2023\\\/12\\\/logo.jpg\",\"contentUrl\":\"https:\\\/\\\/www.servin.fr\\\/wp-content\\\/uploads\\\/2023\\\/12\\\/logo.jpg\",\"width\":237,\"height\":142,\"caption\":\"Domaine Servin\"},\"image\":{\"@id\":\"https:\\\/\\\/www.servin.fr\\\/#\\\/schema\\\/logo\\\/image\\\/\"},\"sameAs\":[\"https:\\\/\\\/www.facebook.com\\\/domaine.servin\",\"https:\\\/\\\/www.instagram.com\\\/domaineservin\\\/\"]},{\"@type\":\"Person\",\"@id\":\"https:\\\/\\\/www.servin.fr\\\/#\\\/schema\\\/person\\\/9f0f05d9cf0e8904ecc3424d0069ba00\",\"name\":\"admin\",\"image\":{\"@type\":\"ImageObject\",\"inLanguage\":\"en-GB\",\"@id\":\"https:\\\/\\\/secure.gravatar.com\\\/avatar\\\/e69404687b8198758ad0b623c397dffdf231917bfebb4b1f18e013358a491890?s=96&d=mm&r=g\",\"url\":\"https:\\\/\\\/secure.gravatar.com\\\/avatar\\\/e69404687b8198758ad0b623c397dffdf231917bfebb4b1f18e013358a491890?s=96&d=mm&r=g\",\"contentUrl\":\"https:\\\/\\\/secure.gravatar.com\\\/avatar\\\/e69404687b8198758ad0b623c397dffdf231917bfebb4b1f18e013358a491890?s=96&d=mm&r=g\",\"caption\":\"admin\"},\"sameAs\":[\"https:\\\/\\\/servin.fr\"],\"url\":\"https:\\\/\\\/www.servin.fr\\\/en\\\/author\\\/damien_ghu4fw2w\\\/\"}]}<\/script>\n<!-- \/ Yoast SEO plugin. -->","yoast_head_json":{"title":"Le mill\u00e9sime 2023 - Domaine Servin","robots":{"index":"index","follow":"follow","max-snippet":"max-snippet:-1","max-image-preview":"max-image-preview:large","max-video-preview":"max-video-preview:-1"},"canonical":"https:\/\/www.servin.fr\/en\/millesimes\/le-millesime-2023\/","og_locale":"en_GB","og_type":"article","og_title":"Le mill\u00e9sime 2023 - Domaine Servin","og_description":"Le mill\u00e9sime 2023 \u00ab\u00a0Mill\u00e9sime 2023 en Bourgogne :\u00a0 Au-del\u00e0 des esp\u00e9rances !\u00a0\u00bb D\u00e9but des vendanges : 8 septembre 2023 Le mill\u00e9sime 2023 restera comme une ann\u00e9e g\u00e9n\u00e9reuse et qualitative en Bourgogne. Apr\u00e8s un \u00e9t\u00e9 instable, les vendanges, d\u00e9but\u00e9es le 8 septembre, ont offert de beaux rendements et des raisins dans un \u00e9tat sanitaire remarquable. \u00c0 [&hellip;]","og_url":"https:\/\/www.servin.fr\/en\/millesimes\/le-millesime-2023\/","og_site_name":"Domaine Servin","article_publisher":"https:\/\/www.facebook.com\/domaine.servin","article_published_time":"2024-07-10T09:04:22+00:00","article_modified_time":"2025-08-27T14:01:00+00:00","author":"admin","twitter_card":"summary_large_image","twitter_misc":{"Written by":"admin","Estimated reading time":"1 minute"},"schema":{"@context":"https:\/\/schema.org","@graph":[{"@type":"Article","@id":"https:\/\/www.servin.fr\/millesimes\/le-millesime-2023\/#article","isPartOf":{"@id":"https:\/\/www.servin.fr\/millesimes\/le-millesime-2023\/"},"author":{"name":"admin","@id":"https:\/\/www.servin.fr\/#\/schema\/person\/9f0f05d9cf0e8904ecc3424d0069ba00"},"headline":"Le mill\u00e9sime 2023","datePublished":"2024-07-10T09:04:22+00:00","dateModified":"2025-08-27T14:01:00+00:00","mainEntityOfPage":{"@id":"https:\/\/www.servin.fr\/millesimes\/le-millesime-2023\/"},"wordCount":172,"publisher":{"@id":"https:\/\/www.servin.fr\/#organization"},"articleSection":["Mill\u00e9simes"],"inLanguage":"en-GB"},{"@type":"WebPage","@id":"https:\/\/www.servin.fr\/millesimes\/le-millesime-2023\/","url":"https:\/\/www.servin.fr\/millesimes\/le-millesime-2023\/","name":"Le mill\u00e9sime 2023 - Domaine Servin","isPartOf":{"@id":"https:\/\/www.servin.fr\/#website"},"datePublished":"2024-07-10T09:04:22+00:00","dateModified":"2025-08-27T14:01:00+00:00","breadcrumb":{"@id":"https:\/\/www.servin.fr\/millesimes\/le-millesime-2023\/#breadcrumb"},"inLanguage":"en-GB","potentialAction":[{"@type":"ReadAction","target":["https:\/\/www.servin.fr\/millesimes\/le-millesime-2023\/"]}]},{"@type":"BreadcrumbList","@id":"https:\/\/www.servin.fr\/millesimes\/le-millesime-2023\/#breadcrumb","itemListElement":[{"@type":"ListItem","position":1,"name":"Accueil","item":"https:\/\/www.servin.fr\/"},{"@type":"ListItem","position":2,"name":"Le mill\u00e9sime 2023"}]},{"@type":"WebSite","@id":"https:\/\/www.servin.fr\/#website","url":"https:\/\/www.servin.fr\/","name":"Domaine Servin - Chablis","description":"","publisher":{"@id":"https:\/\/www.servin.fr\/#organization"},"potentialAction":[{"@type":"SearchAction","target":{"@type":"EntryPoint","urlTemplate":"https:\/\/www.servin.fr\/?s={search_term_string}"},"query-input":{"@type":"PropertyValueSpecification","valueRequired":true,"valueName":"search_term_string"}}],"inLanguage":"en-GB"},{"@type":"Organization","@id":"https:\/\/www.servin.fr\/#organization","name":"Domaine Servin","url":"https:\/\/www.servin.fr\/","logo":{"@type":"ImageObject","inLanguage":"en-GB","@id":"https:\/\/www.servin.fr\/#\/schema\/logo\/image\/","url":"https:\/\/www.servin.fr\/wp-content\/uploads\/2023\/12\/logo.jpg","contentUrl":"https:\/\/www.servin.fr\/wp-content\/uploads\/2023\/12\/logo.jpg","width":237,"height":142,"caption":"Domaine Servin"},"image":{"@id":"https:\/\/www.servin.fr\/#\/schema\/logo\/image\/"},"sameAs":["https:\/\/www.facebook.com\/domaine.servin","https:\/\/www.instagram.com\/domaineservin\/"]},{"@type":"Person","@id":"https:\/\/www.servin.fr\/#\/schema\/person\/9f0f05d9cf0e8904ecc3424d0069ba00","name":"admin","image":{"@type":"ImageObject","inLanguage":"en-GB","@id":"https:\/\/secure.gravatar.com\/avatar\/e69404687b8198758ad0b623c397dffdf231917bfebb4b1f18e013358a491890?s=96&d=mm&r=g","url":"https:\/\/secure.gravatar.com\/avatar\/e69404687b8198758ad0b623c397dffdf231917bfebb4b1f18e013358a491890?s=96&d=mm&r=g","contentUrl":"https:\/\/secure.gravatar.com\/avatar\/e69404687b8198758ad0b623c397dffdf231917bfebb4b1f18e013358a491890?s=96&d=mm&r=g","caption":"admin"},"sameAs":["https:\/\/servin.fr"],"url":"https:\/\/www.servin.fr\/en\/author\/damien_ghu4fw2w\/"}]}},"_links":{"self":[{"href":"https:\/\/www.servin.fr\/en\/wp-json\/wp\/v2\/posts\/1157","targetHints":{"allow":["GET"]}}],"collection":[{"href":"https:\/\/www.servin.fr\/en\/wp-json\/wp\/v2\/posts"}],"about":[{"href":"https:\/\/www.servin.fr\/en\/wp-json\/wp\/v2\/types\/post"}],"author":[{"embeddable":true,"href":"https:\/\/www.servin.fr\/en\/wp-json\/wp\/v2\/users\/1"}],"replies":[{"embeddable":true,"href":"https:\/\/www.servin.fr\/en\/wp-json\/wp\/v2\/comments?post=1157"}],"version-history":[{"count":31,"href":"https:\/\/www.servin.fr\/en\/wp-json\/wp\/v2\/posts\/1157\/revisions"}],"predecessor-version":[{"id":1380,"href":"https:\/\/www.servin.fr\/en\/wp-json\/wp\/v2\/posts\/1157\/revisions\/1380"}],"wp:attachment":[{"href":"https:\/\/www.servin.fr\/en\/wp-json\/wp\/v2\/media?parent=1157"}],"wp:term":[{"taxonomy":"category","embeddable":true,"href":"https:\/\/www.servin.fr\/en\/wp-json\/wp\/v2\/categories?post=1157"},{"taxonomy":"post_tag","embeddable":true,"href":"https:\/\/www.servin.fr\/en\/wp-json\/wp\/v2\/tags?post=1157"}],"curies":[{"name":"wp","href":"https:\/\/api.w.org\/{rel}","templated":true}]}}